      
            
      {"id":80,"date":"2013-09-12T12:52:05","date_gmt":"2013-09-12T10:52:05","guid":{"rendered":"http:\/\/www.caterziario.it\/?p=80"},"modified":"2013-11-07T11:22:02","modified_gmt":"2013-11-07T10:22:02","slug":"tipica-2013-scopri-i-menu-dedicati","status":"publish","type":"post","link":"http:\/\/www.caterziario.it\/?p=80","title":{"rendered":"Tipica 2013: scopri i menu dedicati!"},"content":{"rendered":"<p><span style=\"font-size: medium;\"><span style=\"color: #000000;\"><span style=\"font-family: Calibri;\"><a href=\"http:\/\/www.caterziario.it\/wp-content\/uploads\/2013\/09\/menu-dedicati.jpg\"><img loading=\"lazy\" decoding=\"async\" class=\"alignleft  wp-image-150\" alt=\"menu dedicati\" src=\"http:\/\/www.caterziario.it\/wp-content\/uploads\/2013\/09\/menu-dedicati.jpg\" width=\"296\" height=\"95\" \/><\/a>Ritorna l\u2019appuntamento con Tipica, la manifestazione nata con lo scopo di valorizzare e promuovere le tipicit\u00e0 e l\u2019intero territorio della Vallata del Santerno, che quest\u2019anno si svolger\u00e0 a Borgo Tossignano <strong>dal 23 al 29 settembre 2013<\/strong>. L\u2019evento vuole presentare al pubblico le attivit\u00e0 economiche che operano nella Vallata e il suo territorio (quello offerto della Valle del Santerno) accogliente, ricco di tradizioni, prodotti tipici e occasioni interessanti per trascorrere piacevoli momenti con gli amici e la propria famiglia.<\/span><\/span><\/span><\/p>\n<p><b><span style=\"font-size: medium;\"><span style=\"color: #000000;\"><span style=\"font-family: Calibri;\">I ristoranti associati Confcommercio Ascom Imola propongono ai visitatori la possibilit\u00e0 di gustare le specialit\u00e0 della tradizione e i profumi del territorio con men\u00f9 dedicati a prezzo fisso!\u00a0<\/span><\/span><\/span><\/b><span style=\"color: #000000; font-family: Calibri; font-size: medium;\">\u00a0<\/span><\/p>\n<p style=\"text-align: center;\"><span style=\"color: #0000ff;\"><b><span style=\"font-size: medium;\"><span style=\"font-family: Calibri;\"><span style=\"color: #800000;\">Ristorante Locanda Corona<\/span><\/span><\/span><\/b><\/span><\/p>\n<p style=\"text-align: center;\"><span style=\"font-size: medium;\"><span style=\"font-family: Calibri;\">Piazza della Repubblica, 34 &#8211; <\/span><\/span><span style=\"font-size: medium;\"><span style=\"font-family: Calibri;\">40022 Castel del Rio (BO) <\/span><\/span><span style=\"font-size: medium;\"><span style=\"font-family: Calibri;\">Tel. 0542 95917<\/span><\/span><\/p>\n<p style=\"text-align: center;\"><span style=\"color: #000000; font-family: Calibri; font-size: medium;\">\u00a0<\/span><span style=\"font-size: medium;\"><span style=\"color: #000000;\"><span style=\"font-family: Calibri;\">Crostini misti<\/span><\/span><\/span><\/p>\n<p style=\"text-align: center;\"><span style=\"font-size: medium;\"><span style=\"color: #000000;\"><span style=\"font-family: Calibri;\">Strozzapreti al sangiovese alla boscaiola<\/span><\/span><\/span><\/p>\n<p style=\"text-align: center;\"><span style=\"font-size: medium;\"><span style=\"color: #000000;\"><span style=\"font-family: Calibri;\">Maiale in confettura di cipolla al balsamico<\/span><\/span><\/span><\/p>\n<p style=\"text-align: center;\"><span style=\"font-size: medium;\"><span style=\"color: #000000;\"><span style=\"font-family: Calibri;\">Panna cotta al profumo di zafferano<\/span><\/span><\/span><\/p>\n<p style=\"text-align: center;\"><span style=\"font-size: medium;\"><span style=\"color: #000000;\"><span style=\"font-family: Calibri;\">Acqua e calice di vino<\/span><\/span><\/span><\/p>\n<p style=\"text-align: center;\"><span style=\"font-size: medium;\"><span style=\"color: #000000;\"><span style=\"font-family: Calibri;\">Caff\u00e8 espresso<\/span><\/span><\/span><\/p>\n<p style=\"text-align: center;\"><span style=\"font-size: medium;\"><span style=\"color: #000000;\"><span style=\"font-family: Calibri;\">23,00 euro<\/span><\/span><\/span><\/p>\n<p style=\"text-align: center;\"><span style=\"color: #000000; font-family: Calibri; font-size: medium;\">\u00a0<\/span><\/p>\n<p style=\"text-align: center;\"><span style=\"color: #0000ff;\"><b><span style=\"font-size: medium;\"><span style=\"font-family: Calibri;\"><span style=\"color: #800000;\">La Rosa dei Venti<\/span> <\/span><\/span><\/b><\/span><\/p>\n<p style=\"text-align: center;\"><span style=\"font-size: medium;\"><span style=\"font-family: Calibri;\">Piazza Andrea Costa, 5\u00a0&#8211; <\/span><\/span><span style=\"font-size: medium;\"><span style=\"font-family: Calibri;\">40021 Tossignano (BO) <\/span><\/span><span style=\"font-size: medium;\"><span style=\"font-family: Calibri;\">Tel. 0542 91550<\/span><\/span><\/p>\n<p style=\"text-align: center;\"><span style=\"color: #000000; font-family: Calibri; font-size: medium;\">\u00a0<\/span><span style=\"font-size: medium;\"><span style=\"color: #000000;\"><span style=\"font-family: Calibri;\">Antipasto con crostini di verdure e formaggi<\/span><\/span><\/span><\/p>\n<p style=\"text-align: center;\"><span style=\"font-size: medium;\"><span style=\"color: #000000;\"><span style=\"font-family: Calibri;\">Tagliatelle con fagioli<\/span><\/span><\/span><\/p>\n<p style=\"text-align: center;\"><span style=\"font-size: medium;\"><span style=\"color: #000000;\"><span style=\"font-family: Calibri;\">Stinco di maiale aromatizzato al forno<\/span><\/span><\/span><\/p>\n<p style=\"text-align: center;\"><span style=\"font-size: medium;\"><span style=\"color: #000000;\"><span style=\"font-family: Calibri;\">Patate al rosmarino<\/span><\/span><\/span><\/p>\n<p style=\"text-align: center;\"><span style=\"font-size: medium;\"><span style=\"color: #000000;\"><span style=\"font-family: Calibri;\">Panna cotta alle more<\/span><\/span><\/span><\/p>\n<p style=\"text-align: center;\"><span style=\"font-size: medium;\"><span style=\"color: #000000;\"><span style=\"font-family: Calibri;\">Vino: sangiovese o albana della Vallata di Campiuno \u2013 Azienda \u201cIl Mulino\u201d<\/span><\/span><\/span><\/p>\n<p style=\"text-align: center;\"><span style=\"font-size: medium;\"><span style=\"color: #000000;\"><span style=\"font-family: Calibri;\">25,00 euro, bevande incluse<\/span><\/span><\/span><\/p>\n<p style=\"text-align: center;\"><span style=\"color: #000000; font-family: Calibri; font-size: medium;\">\u00a0<\/span><\/p>\n<p style=\"text-align: center;\"><span style=\"color: #0000ff;\"><b><span style=\"font-size: medium;\"><span style=\"font-family: Calibri;\"><span style=\"color: #800000;\">Osteria 2 Marie<\/span> <\/span><\/span><\/b><\/span><\/p>\n<p style=\"text-align: center;\"><span style=\"font-size: medium;\"><span style=\"font-family: Calibri;\">Via Marconi, 43\/45 &#8211; <\/span><\/span><span style=\"font-size: medium;\"><span style=\"font-family: Calibri;\">40021 Borgo Tossignano (BO) <\/span><\/span><span style=\"font-size: medium;\"><span style=\"font-family: Calibri;\">Tel. 0542 94097<\/span><\/span><\/p>\n<p style=\"text-align: center;\"><span style=\"color: #000000; font-family: Calibri; font-size: medium;\">\u00a0<\/span><span style=\"font-size: medium;\"><span style=\"color: #000000;\"><span style=\"font-family: Calibri;\">Antipasto con crostini misti con salsine rustiche<\/span><\/span><\/span><\/p>\n<p style=\"text-align: center;\"><span style=\"font-size: medium;\"><span style=\"color: #000000;\"><span style=\"font-family: Calibri;\">Tagliatelle al mattarello con rag\u00f9 di porcini<\/span><\/span><\/span><\/p>\n<p style=\"text-align: center;\"><span style=\"font-size: medium;\"><span style=\"color: #000000;\"><span style=\"font-family: Calibri;\">Braciola di mora romagnola con patate fritte nello strutto<\/span><\/span><\/span><\/p>\n<p style=\"text-align: center;\"><span style=\"font-size: medium;\"><span style=\"color: #000000;\"><span style=\"font-family: Calibri;\">Torta classica degli sposi di una volta<\/span><\/span><\/span><\/p>\n<p style=\"text-align: center;\"><span style=\"font-size: medium;\"><span style=\"color: #000000;\"><span style=\"font-family: Calibri;\">Acqua, vino della casa, caff\u00e8<\/span><\/span><\/span><\/p>\n<p style=\"text-align: center;\"><span style=\"font-size: medium;\"><span style=\"color: #000000;\"><span style=\"font-family: Calibri;\">22,00 euro<\/span><\/span><\/span><\/p>\n","protected":false},"excerpt":{"rendered":"<p>Ritorna l\u2019appuntamento con Tipica, la manifestazione nata con lo scopo di valorizzare e promuovere le tipicit\u00e0 e l\u2019intero territorio della Vallata del Santerno, che quest\u2019anno si svolger\u00e0 a Borgo Tossignano dal 23 al 29 settembre 2013. L\u2019evento vuole presentare al pubblico le attivit\u00e0 economiche che operano nella Vallata e il \u2026 <a class=\"continue-reading-link\" href=\"http:\/\/www.caterziario.it\/?p=80\"> Continua &#8230; <span class=\"meta-nav\">&rarr; <\/span><\/a><\/p>\n","protected":false},"author":2,"featured_media":0,"comment_status":"closed","ping_status":"open","sticky":true,"template":"","format":"standard","meta":{"footnotes":""},"categories":[5],"tags":[],"_links":{"self":[{"href":"http:\/\/www.caterziario.it\/index.php?rest_route=\/wp\/v2\/posts\/80"}],"collection":[{"href":"http:\/\/www.caterziario.it\/index.php?rest_route=\/wp\/v2\/posts"}],"about":[{"href":"http:\/\/www.caterziario.it\/index.php?rest_route=\/wp\/v2\/types\/post"}],"author":[{"embeddable":true,"href":"http:\/\/www.caterziario.it\/index.php?rest_route=\/wp\/v2\/users\/2"}],"replies":[{"embeddable":true,"href":"http:\/\/www.caterziario.it\/index.php?rest_route=%2Fwp%2Fv2%2Fcomments&post=80"}],"version-history":[{"count":11,"href":"http:\/\/www.caterziario.it\/index.php?rest_route=\/wp\/v2\/posts\/80\/revisions"}],"predecessor-version":[{"id":155,"href":"http:\/\/www.caterziario.it\/index.php?rest_route=\/wp\/v2\/posts\/80\/revisions\/155"}],"wp:attachment":[{"href":"http:\/\/www.caterziario.it\/index.php?rest_route=%2Fwp%2Fv2%2Fmedia&parent=80"}],"wp:term":[{"taxonomy":"category","embeddable":true,"href":"http:\/\/www.caterziario.it\/index.php?rest_route=%2Fwp%2Fv2%2Fcategories&post=80"},{"taxonomy":"post_tag","embeddable":true,"href":"http:\/\/www.caterziario.it\/index.php?rest_route=%2Fwp%2Fv2%2Ftags&post=80"}],"curies":[{"name":"wp","href":"https:\/\/api.w.org\/{rel}","templated":true}]}}